{"id":159653,"date":"2025-10-27T17:19:50","date_gmt":"2025-10-27T16:19:50","guid":{"rendered":"https:\/\/www.mendialduamusic.com\/?p=159653"},"modified":"2025-11-03T16:24:47","modified_gmt":"2025-11-03T15:24:47","slug":"sunday-april-12-quartet-gerhard-circulo-de-bellas-artes-madrid","status":"publish","type":"post","link":"https:\/\/www.mendialduamusic.com\/en\/sunday-april-12-quartet-gerhard-circulo-de-bellas-artes-madrid\/","title":{"rendered":"Sunday, April 12. Quartet Gerhard. C\u00edrculo de Bellas Artes, Madrid"},"content":{"rendered":"<div class=\"wpb-content-wrapper\"><p>[vc_row][vc_column width=\u00bb1\/1&#8243;][vc_row_inner][vc_column_inner column_width_percent=\u00bb100&#8243; gutter_size=\u00bb3&#8243; override_padding=\u00bbyes\u00bb column_padding=\u00bb2&#8243; overlay_alpha=\u00bb50&#8243; shift_x=\u00bb0&#8243; shift_y=\u00bb0&#8243; shift_y_down=\u00bb0&#8243; z_index=\u00bb0&#8243; medium_width=\u00bb0&#8243; mobile_width=\u00bb0&#8243; width=\u00bb1\/3&#8243; uncode_shortcode_id=\u00bb793164&#8243;][vc_column_text uncode_shortcode_id=\u00bb188669&#8243;]<strong>Sunday, April 12.<\/strong><br \/>\n<strong>C\u00edrculo de Bellas Artes de Madrid<\/strong><br \/>\nCasa Europa. Sala Teatro Fernando de Rojas,<br \/>\nMadrid[\/vc_column_text][\/vc_column_inner][vc_column_inner column_width_percent=\u00bb100&#8243; gutter_size=\u00bb3&#8243; override_padding=\u00bbyes\u00bb column_padding=\u00bb2&#8243; overlay_alpha=\u00bb50&#8243; shift_x=\u00bb0&#8243; shift_y=\u00bb0&#8243; shift_y_down=\u00bb0&#8243; z_index=\u00bb0&#8243; medium_width=\u00bb0&#8243; mobile_width=\u00bb0&#8243; width=\u00bb1\/3&#8243; uncode_shortcode_id=\u00bb528423&#8243;][vc_column_text uncode_shortcode_id=\u00bb799905&#8243;]<strong>Program:<\/strong><\/p>\n<p>Gy\u00f6rgy Kurt\u00e1g (1926), Officium Breve in memoriam Andreae Szerv\u00e1nszky<br \/>\nJoseph Haydn (1732 &#8211; 1809), Quartet op. 20 no.4 in D Major<br \/>\nI Allegro di molto<br \/>\nII A little adagio affettuoso<br \/>\nIII Menuetto. Allegro alla zingarese &#8211; Trio<br \/>\nIV Presto scherzando[\/vc_column_text][\/vc_column_inner][vc_column_inner column_width_percent=\u00bb100&#8243; gutter_size=\u00bb3&#8243; override_padding=\u00bbyes\u00bb column_padding=\u00bb2&#8243; overlay_alpha=\u00bb50&#8243; shift_x=\u00bb0&#8243; shift_y=\u00bb0&#8243; shift_y_down=\u00bb0&#8243; z_index=\u00bb0&#8243; medium_width=\u00bb0&#8243; mobile_width=\u00bb0&#8243; width=\u00bb1\/3&#8243; uncode_shortcode_id=\u00bb199724&#8243;][vc_column_text uncode_shortcode_id=\u00bb349964&#8243;]Beethoven: Quartet in A minor, Op. 132<br \/>\nAssai sostenuto \u2013 Allegro<br \/>\nAllegro ma non Tanto<br \/>\nMolto Adagio \u2013 Andante Andante \u2013 Molto adagio \u2013 Andante\u2013Molto adagio.<br \/>\nAlla Marcia, assai vivace<br \/>\nAllegro appassionato \u2013 Presto[\/vc_column_text][\/vc_column_inner][\/vc_row_inner][\/vc_column][\/vc_row]<\/p>\n<\/div>","protected":false},"excerpt":{"rendered":"<p>[vc_row][vc_column width=\u00bb1\/1&#8243;][vc_row_inner][vc_column_inner column_width_percent=\u00bb100&#8243; gutter_size=\u00bb3&#8243; override_padding=\u00bbyes\u00bb column_padding=\u00bb2&#8243; overlay_alpha=\u00bb50&#8243; shift_x=\u00bb0&#8243; shift_y=\u00bb0&#8243; shift_y_down=\u00bb0&#8243; z_index=\u00bb0&#8243; medium_width=\u00bb0&#8243; mobile_width=\u00bb0&#8243; width=\u00bb1\/3&#8243; uncode_shortcode_id=\u00bb793164&#8243;][vc_column_text uncode_shortcode_id=\u00bb188669&#8243;]Sunday, April 12. C\u00edrculo de [&hellip;]<\/p>\n","protected":false},"author":1,"featured_media":0,"comment_status":"open","ping_status":"open","sticky":false,"template":"","format":"standard","meta":{"footnotes":""},"categories":[100],"tags":[95],"class_list":["post-159653","post","type-post","status-publish","format-standard","hentry","category-abril","tag-quartet-gerhard"],"_links":{"self":[{"href":"https:\/\/www.mendialduamusic.com\/en\/wp-json\/wp\/v2\/posts\/159653","targetHints":{"allow":["GET"]}}],"collection":[{"href":"https:\/\/www.mendialduamusic.com\/en\/wp-json\/wp\/v2\/posts"}],"about":[{"href":"https:\/\/www.mendialduamusic.com\/en\/wp-json\/wp\/v2\/types\/post"}],"author":[{"embeddable":true,"href":"https:\/\/www.mendialduamusic.com\/en\/wp-json\/wp\/v2\/users\/1"}],"replies":[{"embeddable":true,"href":"https:\/\/www.mendialduamusic.com\/en\/wp-json\/wp\/v2\/comments?post=159653"}],"version-history":[{"count":3,"href":"https:\/\/www.mendialduamusic.com\/en\/wp-json\/wp\/v2\/posts\/159653\/revisions"}],"predecessor-version":[{"id":159806,"href":"https:\/\/www.mendialduamusic.com\/en\/wp-json\/wp\/v2\/posts\/159653\/revisions\/159806"}],"wp:attachment":[{"href":"https:\/\/www.mendialduamusic.com\/en\/wp-json\/wp\/v2\/media?parent=159653"}],"wp:term":[{"taxonomy":"category","embeddable":true,"href":"https:\/\/www.mendialduamusic.com\/en\/wp-json\/wp\/v2\/categories?post=159653"},{"taxonomy":"post_tag","embeddable":true,"href":"https:\/\/www.mendialduamusic.com\/en\/wp-json\/wp\/v2\/tags?post=159653"}],"curies":[{"name":"wp","href":"https:\/\/api.w.org\/{rel}","templated":true}]}}