{"id":159598,"date":"2025-10-27T12:04:55","date_gmt":"2025-10-27T11:04:55","guid":{"rendered":"https:\/\/www.mendialduamusic.com\/?p=159598"},"modified":"2025-11-03T15:52:53","modified_gmt":"2025-11-03T14:52:53","slug":"wednesday-october-29-quartet-gerhard-bilbao-philharmonic-society","status":"publish","type":"post","link":"https:\/\/www.mendialduamusic.com\/en\/wednesday-october-29-quartet-gerhard-bilbao-philharmonic-society\/","title":{"rendered":"Wednesday, October 29. Quartet Gerhard. Bilbao Philharmonic Society"},"content":{"rendered":"<div class=\"wpb-content-wrapper\"><p>[vc_row][vc_column width=\u00bb1\/1&#8243;][vc_row_inner][vc_column_inner column_width_percent=\u00bb100&#8243; gutter_size=\u00bb3&#8243; override_padding=\u00bbyes\u00bb column_padding=\u00bb2&#8243; overlay_alpha=\u00bb50&#8243; shift_x=\u00bb0&#8243; shift_y=\u00bb0&#8243; shift_y_down=\u00bb0&#8243; z_index=\u00bb0&#8243; medium_width=\u00bb0&#8243; mobile_width=\u00bb0&#8243; width=\u00bb1\/3&#8243; uncode_shortcode_id=\u00bb793164&#8243;][vc_column_text uncode_shortcode_id=\u00bb616520&#8243;]<strong>Wednesday, October 29.<\/strong><br \/>\n<strong> Concert<\/strong><br \/>\nBilbao Philharmonic Society,<br \/>\nBilbao[\/vc_column_text][\/vc_column_inner][vc_column_inner column_width_percent=\u00bb100&#8243; gutter_size=\u00bb3&#8243; override_padding=\u00bbyes\u00bb column_padding=\u00bb2&#8243; overlay_alpha=\u00bb50&#8243; shift_x=\u00bb0&#8243; shift_y=\u00bb0&#8243; shift_y_down=\u00bb0&#8243; z_index=\u00bb0&#8243; medium_width=\u00bb0&#8243; mobile_width=\u00bb0&#8243; width=\u00bb1\/3&#8243; uncode_shortcode_id=\u00bb528423&#8243;][vc_column_text uncode_shortcode_id=\u00bb521519&#8243;]<strong>Program:<\/strong><\/p>\n<p>Gy\u00f6rgy Kurt\u00e1g (1926), Officium Breve in memoriam Andreae Szerv\u00e1nszky<\/p>\n<p>Joseph Haydn (1732 &#8211; 1809), Quartet op. 20 no.4 in D Major<\/p>\n<p>Ludwig van Beethoven (1770 &#8211; 1827), Quartet op. 132 no. 15 in A minor[\/vc_column_text][\/vc_column_inner][vc_column_inner column_width_percent=\u00bb100&#8243; gutter_size=\u00bb3&#8243; override_padding=\u00bbyes\u00bb column_padding=\u00bb2&#8243; overlay_alpha=\u00bb50&#8243; shift_x=\u00bb0&#8243; shift_y=\u00bb0&#8243; shift_y_down=\u00bb0&#8243; z_index=\u00bb0&#8243; medium_width=\u00bb0&#8243; mobile_width=\u00bb0&#8243; width=\u00bb1\/3&#8243; uncode_shortcode_id=\u00bb199724&#8243;][\/vc_column_inner][\/vc_row_inner][\/vc_column][\/vc_row]<\/p>\n<\/div>","protected":false},"excerpt":{"rendered":"<p>[vc_row][vc_column width=\u00bb1\/1&#8243;][vc_row_inner][vc_column_inner column_width_percent=\u00bb100&#8243; gutter_size=\u00bb3&#8243; override_padding=\u00bbyes\u00bb column_padding=\u00bb2&#8243; overlay_alpha=\u00bb50&#8243; shift_x=\u00bb0&#8243; shift_y=\u00bb0&#8243; shift_y_down=\u00bb0&#8243; z_index=\u00bb0&#8243; medium_width=\u00bb0&#8243; mobile_width=\u00bb0&#8243; width=\u00bb1\/3&#8243; uncode_shortcode_id=\u00bb793164&#8243;][vc_column_text uncode_shortcode_id=\u00bb616520&#8243;]Wednesday, October 29. Concert Bilbao [&hellip;]<\/p>\n","protected":false},"author":1,"featured_media":0,"comment_status":"closed","ping_status":"closed","sticky":false,"template":"","format":"standard","meta":{"footnotes":""},"categories":[82],"tags":[95],"class_list":["post-159598","post","type-post","status-publish","format-standard","hentry","category-october","tag-quartet-gerhard"],"_links":{"self":[{"href":"https:\/\/www.mendialduamusic.com\/en\/wp-json\/wp\/v2\/posts\/159598","targetHints":{"allow":["GET"]}}],"collection":[{"href":"https:\/\/www.mendialduamusic.com\/en\/wp-json\/wp\/v2\/posts"}],"about":[{"href":"https:\/\/www.mendialduamusic.com\/en\/wp-json\/wp\/v2\/types\/post"}],"author":[{"embeddable":true,"href":"https:\/\/www.mendialduamusic.com\/en\/wp-json\/wp\/v2\/users\/1"}],"replies":[{"embeddable":true,"href":"https:\/\/www.mendialduamusic.com\/en\/wp-json\/wp\/v2\/comments?post=159598"}],"version-history":[{"count":6,"href":"https:\/\/www.mendialduamusic.com\/en\/wp-json\/wp\/v2\/posts\/159598\/revisions"}],"predecessor-version":[{"id":159779,"href":"https:\/\/www.mendialduamusic.com\/en\/wp-json\/wp\/v2\/posts\/159598\/revisions\/159779"}],"wp:attachment":[{"href":"https:\/\/www.mendialduamusic.com\/en\/wp-json\/wp\/v2\/media?parent=159598"}],"wp:term":[{"taxonomy":"category","embeddable":true,"href":"https:\/\/www.mendialduamusic.com\/en\/wp-json\/wp\/v2\/categories?post=159598"},{"taxonomy":"post_tag","embeddable":true,"href":"https:\/\/www.mendialduamusic.com\/en\/wp-json\/wp\/v2\/tags?post=159598"}],"curies":[{"name":"wp","href":"https:\/\/api.w.org\/{rel}","templated":true}]}}